{"id":16382,"date":"2019-02-02T14:00:56","date_gmt":"2019-02-02T11:00:56","guid":{"rendered":"http:\/\/www.mefis.k12.tr\/izmir\/?p=16382"},"modified":"2019-02-04T10:15:43","modified_gmt":"2019-02-04T07:15:43","slug":"dr-ibrahim-arikan-2","status":"publish","type":"post","link":"https:\/\/www.mefis.k12.tr\/izmir\/dr-ibrahim-arikan-2\/","title":{"rendered":"Dr. \u0130brahim Ar\u0131kan"},"content":{"rendered":"<p>[vc_row][vc_column][vc_column_text]We remember our founder Dr. \u0130brahim Ar\u0131kan with longing and respect.[\/vc_column_text][vc_masonry_media_grid grid_id=&#8221;vc_gid:1549264586823-6b65a5ce-254a-1&#8243; include=&#8221;16393,16392,16391,16390,16389,16388,16387,16385,16384&#8243;][\/vc_column][\/vc_row]<\/p>\n","protected":false},"excerpt":{"rendered":"<p>We remember our founder&#8230;<\/p>\n","protected":false},"author":1,"featured_media":16386,"comment_status":"closed","ping_status":"open","sticky":false,"template":"","format":"standard","meta":[],"categories":[1],"tags":[],"class_list":["post-16382","post","type-post","status-publish","format-standard","has-post-thumbnail","hentry","category-news","category-1","description-off"],"_links":{"self":[{"href":"https:\/\/www.mefis.k12.tr\/izmir\/wp-json\/wp\/v2\/posts\/16382","targetHints":{"allow":["GET"]}}],"collection":[{"href":"https:\/\/www.mefis.k12.tr\/izmir\/wp-json\/wp\/v2\/posts"}],"about":[{"href":"https:\/\/www.mefis.k12.tr\/izmir\/wp-json\/wp\/v2\/types\/post"}],"author":[{"embeddable":true,"href":"https:\/\/www.mefis.k12.tr\/izmir\/wp-json\/wp\/v2\/users\/1"}],"replies":[{"embeddable":true,"href":"https:\/\/www.mefis.k12.tr\/izmir\/wp-json\/wp\/v2\/comments?post=16382"}],"version-history":[{"count":3,"href":"https:\/\/www.mefis.k12.tr\/izmir\/wp-json\/wp\/v2\/posts\/16382\/revisions"}],"predecessor-version":[{"id":16397,"href":"https:\/\/www.mefis.k12.tr\/izmir\/wp-json\/wp\/v2\/posts\/16382\/revisions\/16397"}],"wp:featuredmedia":[{"embeddable":true,"href":"https:\/\/www.mefis.k12.tr\/izmir\/wp-json\/wp\/v2\/media\/16386"}],"wp:attachment":[{"href":"https:\/\/www.mefis.k12.tr\/izmir\/wp-json\/wp\/v2\/media?parent=16382"}],"wp:term":[{"taxonomy":"category","embeddable":true,"href":"https:\/\/www.mefis.k12.tr\/izmir\/wp-json\/wp\/v2\/categories?post=16382"},{"taxonomy":"post_tag","embeddable":true,"href":"https:\/\/www.mefis.k12.tr\/izmir\/wp-json\/wp\/v2\/tags?post=16382"}],"curies":[{"name":"wp","href":"https:\/\/api.w.org\/{rel}","templated":true}]}}